{"id":56405,"date":"2024-02-26T12:23:25","date_gmt":"2024-02-26T10:23:25","guid":{"rendered":"https:\/\/www.duuri.fi\/?p=56405"},"modified":"2024-04-23T13:34:51","modified_gmt":"2024-04-23T10:34:51","slug":"23-26-april-2024-ar-det-ater-dags-for-nordbygg-kom-och-halsa-pa-oss-i-var-monter","status":"publish","type":"post","link":"https:\/\/www.duuri.fi\/sv\/2024\/02\/26\/23-26-april-2024-ar-det-ater-dags-for-nordbygg-kom-och-halsa-pa-oss-i-var-monter\/","title":{"rendered":"23 \u2013 26 april 2024 \u00e4r det \u00e5ter dags f\u00f6r Nordbygg, kom och h\u00e4lsa p\u00e5 oss i v\u00e5r monter!"},"content":{"rendered":"<p style=\"font-weight: 400;\">Nordbygg har etablerat sig som norra Europas st\u00f6rsta och mest h\u00e4ndelserika m\u00f6tesplats och m\u00e4ssa f\u00f6r bygg- och fastighetsbranschen.<\/p>\n<p style=\"font-weight: 400;\"><span style=\"font-weight: 400;\">M\u00e4ssan \u00e4ger rum vartannat \u00e5r p\u00e5\u00a0<\/span><span style=\"font-weight: 400;\"><a href=\"http:\/\/www.allamassor.se\/venue\/stockholmsmassan\/\">Stockholmsm\u00e4ssan<\/a><\/span><span style=\"font-weight: 400;\">\u00a0i \u00c4lvsj\u00f6 och samlar n\u00e4stan 1 000 utst\u00e4llande f\u00f6retag och n\u00e4rmare 50 000 bes\u00f6kare.<\/span><span style=\"font-weight: 400;\"><br \/>\nH\u00e4r m\u00f6ts arkitekter, byggherrar, fastighetsf\u00f6rvaltare, installat\u00f6rer och projektledare fr\u00e5n Europas alla h\u00f6rn f\u00f6r att knyta kontakter, ta del av innovationer och g\u00f6ra aff\u00e4rer.<\/span><\/p>\n<p style=\"font-weight: 400;\">D-Profile AB kommer att delta p\u00e5 m\u00e4ssan, bes\u00f6k oss <strong>i monter C11:20<\/strong> p\u00e5 Stockholmsm\u00e4ssan I \u00c4lvsj\u00f6.<\/p>\n<p style=\"font-weight: 400;\"><strong>23\u201326 april 2024 \u00d6ppettider:<\/strong><\/p>\n<p style=\"font-weight: 400;\">Tisdag 09.00-17.00 \u2502Onsdag 09.00-17.00 \u2502 Torsdag 09.00-18.00 \u2502 Fredag 09.00-16.00<\/p>\n\t<div class=\"img has-hover x md-x lg-x y md-y lg-y\" id=\"image_718501408\">\n\t\t\t\t\t\t\t\t<div class=\"img-inner dark\" >\n\t\t\t<img loading=\"lazy\" decoding=\"async\" width=\"1020\" height=\"641\" src=\"https:\/\/www.duuri.fi\/wp-content\/uploads\/2024\/02\/Nordbygg-24-Duuri-SE-1024x644.jpg\" class=\"attachment-large size-large\" alt=\"\" srcset=\"https:\/\/www.duuri.fi\/wp-content\/uploads\/2024\/02\/Nordbygg-24-Duuri-SE-1024x644.jpg 1024w, https:\/\/www.duuri.fi\/wp-content\/uploads\/2024\/02\/Nordbygg-24-Duuri-SE-300x189.jpg 300w, https:\/\/www.duuri.fi\/wp-content\/uploads\/2024\/02\/Nordbygg-24-Duuri-SE-768x483.jpg 768w, https:\/\/www.duuri.fi\/wp-content\/uploads\/2024\/02\/Nordbygg-24-Duuri-SE-1536x967.jpg 1536w, https:\/\/www.duuri.fi\/wp-content\/uploads\/2024\/02\/Nordbygg-24-Duuri-SE-60x38.jpg 60w, https:\/\/www.duuri.fi\/wp-content\/uploads\/2024\/02\/Nordbygg-24-Duuri-SE-600x378.jpg 600w, https:\/\/www.duuri.fi\/wp-content\/uploads\/2024\/02\/Nordbygg-24-Duuri-SE.jpg 1945w\" sizes=\"auto, (max-width: 1020px) 100vw, 1020px\" \/>\t\t\t\t\t\t\n\t\t\t\t\t<\/div>\n\t\t\t\t\t\t\t\t\n<style>\n#image_718501408 {\n  width: 100%;\n}\n<\/style>\n\t<\/div>\n\t\n\t<div id=\"gap-796585884\" class=\"gap-element clearfix\" style=\"display:block; height:auto;\">\n\t\t\n<style>\n#gap-796585884 {\n  padding-top: 30px;\n}\n<\/style>\n\t<\/div>\n\t\n<h3 style=\"font-weight: 400;\"><strong>D-Profile AB presenterar sitt omfattande Dione urval<\/strong><\/h3>\n<p style=\"font-weight: 400;\">I v\u00e5r monter presenterar vi v\u00e5rt breda och varierade utbud av lister och luckor samt v\u00e5ra ledstr\u00e5ks-produkter. Vi presenterar \u00e4ven v\u00e5rt breda sortiment av s\u00e4kerhetsprodukter f\u00f6r handikappanpassade badrum.<\/p>\n<p style=\"font-weight: 400;\">P\u00e5 m\u00e4ssan kan du hitta golvsocklar, tr\u00f6sklar, golvlister, h\u00f6rnskyddslister och kakellister i olika f\u00e4rger och modeller. Dessutom presenterar vi ett sortiment av ledstr\u00e5ksprodukter f\u00f6r s\u00e4ker v\u00e4gledning i offentliga milj\u00f6er f\u00f6r personer med synneds\u00e4ttning.<\/p>\n<p style=\"font-weight: 400;\">P\u00e5 m\u00e4ssmonterns produktpelare visar vi bland annat ett brett sortiment av inspektionsluckor. ACH-inspektionsluckor, ACP-inspektionsluckor med Push-Up och HSL-gipsluckor, samt t\u00e4ckpl\u00e5tar med skruvmontering och med magnetmontering samt sparkpl\u00e5tar f\u00f6r skydd .<\/p>\n<div>\n<p style=\"font-weight: 400;\"><strong>H\u00e4mta din fribiljett h\u00e4r:<\/strong><\/p>\n<\/div>\n\t<div id=\"gap-454179039\" class=\"gap-element clearfix\" style=\"display:block; height:auto;\">\n\t\t\n<style>\n#gap-454179039 {\n  padding-top: 15px;\n}\n<\/style>\n\t<\/div>\n\t\n<a href=\"https:\/\/ticket.stockholmsmassan.se\/cgi-bin\/fmsm\/lib\/pub\/tt.cgi\/Registrering.html?oid=4020&#038;lang=11&#038;ticket=g_u_e_s_t\" target=\"_blank\" class=\"button primary\" rel=\"noopener\"  >\n\t\t<span>Fribiljett<\/span>\n\t<\/a>\n\n\t<div id=\"gap-1282695060\" class=\"gap-element clearfix\" style=\"display:block; height:auto;\">\n\t\t\n<style>\n#gap-1282695060 {\n  padding-top: 30px;\n}\n<\/style>\n\t<\/div>\n\t\n<h3><b><span lang=\"SV\">Hur tar man sig till Nordbygg?<\/span><\/b><\/h3>\n<p style=\"font-weight: 400;\">N\u00e4rmaste station i Stockholmsm\u00e4ssan \u00e4r \u00c4lvsj\u00f6 d\u00e4r b\u00e5de bussar och pendelt\u00e5g stannar. Resan fr\u00e5n centrala Stockholm tar bara 10 minuter.<\/p>\n<a href=\"https:\/\/www.nordbygg.se\/for-besokare\/infor-ditt-besok\/hitta-hit?sc_lang=sv-se\" target=\"_blank\" class=\"button primary\" rel=\"noopener\"  >\n\t\t<span>Hitta fram<\/span>\n\t<\/a>\n\n","protected":false},"excerpt":{"rendered":"<p>Nordbygg har etablerat sig som norra Europas st\u00f6rsta och mest h\u00e4ndelserika m\u00f6tesplats och m\u00e4ssa f\u00f6r bygg- och fastighetsbranschen. M\u00e4ssan \u00e4ger rum vartannat \u00e5r p\u00e5\u00a0Stockholmsm\u00e4ssan\u00a0i \u00c4lvsj\u00f6 och samlar n\u00e4stan 1 000 utst\u00e4llande f\u00f6retag och n\u00e4rmare 50 000 bes\u00f6kare. H\u00e4r m\u00f6ts arkitekter, byggherrar, fastighetsf\u00f6rvaltare, installat\u00f6rer och projektledare fr\u00e5n Europas alla h\u00f6rn f\u00f6r att knyta kontakter, ta del&#8230;<\/p>\n","protected":false},"author":12,"featured_media":56406,"comment_status":"closed","ping_status":"closed","sticky":false,"template":"","format":"standard","meta":{"_acf_changed":false,"footnotes":""},"categories":[6732],"tags":[],"class_list":["post-56405","post","type-post","status-publish","format-standard","has-post-thumbnail","hentry","category-nyheter"],"acf":[],"yoast_head":"<!-- This site is optimized with the Yoast SEO plugin v25.5 - https:\/\/yoast.com\/wordpress\/plugins\/seo\/ -->\n<title>23 \u2013 26 april 2024 \u00e4r det \u00e5ter dags f\u00f6r Nordbygg, kom och h\u00e4lsa p\u00e5 oss i v\u00e5r monter! - Duuri Oy<\/title>\n<meta name=\"robots\" content=\"index, follow, max-snippet:-1, max-image-preview:large, max-video-preview:-1\" \/>\n<link rel=\"canonical\" href=\"https:\/\/www.duuri.fi\/sv\/2024\/02\/26\/23-26-april-2024-ar-det-ater-dags-for-nordbygg-kom-och-halsa-pa-oss-i-var-monter\/\" \/>\n<meta property=\"og:locale\" content=\"sv_SE\" \/>\n<meta property=\"og:type\" content=\"article\" \/>\n<meta property=\"og:title\" content=\"23 \u2013 26 april 2024 \u00e4r det \u00e5ter dags f\u00f6r Nordbygg, kom och h\u00e4lsa p\u00e5 oss i v\u00e5r monter! - Duuri Oy\" \/>\n<meta property=\"og:description\" content=\"Nordbygg har etablerat sig som norra Europas st\u00f6rsta och mest h\u00e4ndelserika m\u00f6tesplats och m\u00e4ssa f\u00f6r bygg- och fastighetsbranschen. M\u00e4ssan \u00e4ger rum vartannat \u00e5r p\u00e5\u00a0Stockholmsm\u00e4ssan\u00a0i \u00c4lvsj\u00f6 och samlar n\u00e4stan 1 000 utst\u00e4llande f\u00f6retag och n\u00e4rmare 50 000 bes\u00f6kare. H\u00e4r m\u00f6ts arkitekter, byggherrar, fastighetsf\u00f6rvaltare, installat\u00f6rer och projektledare fr\u00e5n Europas alla h\u00f6rn f\u00f6r att knyta kontakter, ta del...\" \/>\n<meta property=\"og:url\" content=\"https:\/\/www.duuri.fi\/sv\/2024\/02\/26\/23-26-april-2024-ar-det-ater-dags-for-nordbygg-kom-och-halsa-pa-oss-i-var-monter\/\" \/>\n<meta property=\"og:site_name\" content=\"Duuri Oy\" \/>\n<meta property=\"article:published_time\" content=\"2024-02-26T10:23:25+00:00\" \/>\n<meta property=\"article:modified_time\" content=\"2024-04-23T10:34:51+00:00\" \/>\n<meta property=\"og:image\" content=\"https:\/\/www.duuri.fi\/wp-content\/uploads\/2024\/02\/Nordbygg_ajankohtainen_SE.jpg\" \/>\n\t<meta property=\"og:image:width\" content=\"1721\" \/>\n\t<meta property=\"og:image:height\" content=\"1025\" \/>\n\t<meta property=\"og:image:type\" content=\"image\/jpeg\" \/>\n<meta name=\"author\" content=\"Jani Viita\" \/>\n<meta name=\"twitter:card\" content=\"summary_large_image\" \/>\n<meta name=\"twitter:label1\" content=\"Skriven av\" \/>\n\t<meta name=\"twitter:data1\" content=\"Jani Viita\" \/>\n\t<meta name=\"twitter:label2\" content=\"Ber\u00e4knad l\u00e4stid\" \/>\n\t<meta name=\"twitter:data2\" content=\"2 minuter\" \/>\n<script type=\"application\/ld+json\" class=\"yoast-schema-graph\">{\"@context\":\"https:\/\/schema.org\",\"@graph\":[{\"@type\":\"Article\",\"@id\":\"https:\/\/www.duuri.fi\/sv\/2024\/02\/26\/23-26-april-2024-ar-det-ater-dags-for-nordbygg-kom-och-halsa-pa-oss-i-var-monter\/#article\",\"isPartOf\":{\"@id\":\"https:\/\/www.duuri.fi\/sv\/2024\/02\/26\/23-26-april-2024-ar-det-ater-dags-for-nordbygg-kom-och-halsa-pa-oss-i-var-monter\/\"},\"author\":{\"name\":\"Jani Viita\",\"@id\":\"https:\/\/www.duuri.fi\/sv\/#\/schema\/person\/6772b0fc10e4cc29a9304ce00e9a589f\"},\"headline\":\"23 \u2013 26 april 2024 \u00e4r det \u00e5ter dags f\u00f6r Nordbygg, kom och h\u00e4lsa p\u00e5 oss i v\u00e5r monter!\",\"datePublished\":\"2024-02-26T10:23:25+00:00\",\"dateModified\":\"2024-04-23T10:34:51+00:00\",\"mainEntityOfPage\":{\"@id\":\"https:\/\/www.duuri.fi\/sv\/2024\/02\/26\/23-26-april-2024-ar-det-ater-dags-for-nordbygg-kom-och-halsa-pa-oss-i-var-monter\/\"},\"wordCount\":334,\"publisher\":{\"@id\":\"https:\/\/www.duuri.fi\/sv\/#organization\"},\"image\":{\"@id\":\"https:\/\/www.duuri.fi\/sv\/2024\/02\/26\/23-26-april-2024-ar-det-ater-dags-for-nordbygg-kom-och-halsa-pa-oss-i-var-monter\/#primaryimage\"},\"thumbnailUrl\":\"https:\/\/www.duuri.fi\/wp-content\/uploads\/2024\/02\/Nordbygg_ajankohtainen_SE.jpg\",\"articleSection\":[\"Nyheter\"],\"inLanguage\":\"sv-SE\"},{\"@type\":\"WebPage\",\"@id\":\"https:\/\/www.duuri.fi\/sv\/2024\/02\/26\/23-26-april-2024-ar-det-ater-dags-for-nordbygg-kom-och-halsa-pa-oss-i-var-monter\/\",\"url\":\"https:\/\/www.duuri.fi\/sv\/2024\/02\/26\/23-26-april-2024-ar-det-ater-dags-for-nordbygg-kom-och-halsa-pa-oss-i-var-monter\/\",\"name\":\"23 \u2013 26 april 2024 \u00e4r det \u00e5ter dags f\u00f6r Nordbygg, kom och h\u00e4lsa p\u00e5 oss i v\u00e5r monter! - Duuri Oy\",\"isPartOf\":{\"@id\":\"https:\/\/www.duuri.fi\/sv\/#website\"},\"primaryImageOfPage\":{\"@id\":\"https:\/\/www.duuri.fi\/sv\/2024\/02\/26\/23-26-april-2024-ar-det-ater-dags-for-nordbygg-kom-och-halsa-pa-oss-i-var-monter\/#primaryimage\"},\"image\":{\"@id\":\"https:\/\/www.duuri.fi\/sv\/2024\/02\/26\/23-26-april-2024-ar-det-ater-dags-for-nordbygg-kom-och-halsa-pa-oss-i-var-monter\/#primaryimage\"},\"thumbnailUrl\":\"https:\/\/www.duuri.fi\/wp-content\/uploads\/2024\/02\/Nordbygg_ajankohtainen_SE.jpg\",\"datePublished\":\"2024-02-26T10:23:25+00:00\",\"dateModified\":\"2024-04-23T10:34:51+00:00\",\"breadcrumb\":{\"@id\":\"https:\/\/www.duuri.fi\/sv\/2024\/02\/26\/23-26-april-2024-ar-det-ater-dags-for-nordbygg-kom-och-halsa-pa-oss-i-var-monter\/#breadcrumb\"},\"inLanguage\":\"sv-SE\",\"potentialAction\":[{\"@type\":\"ReadAction\",\"target\":[\"https:\/\/www.duuri.fi\/sv\/2024\/02\/26\/23-26-april-2024-ar-det-ater-dags-for-nordbygg-kom-och-halsa-pa-oss-i-var-monter\/\"]}]},{\"@type\":\"ImageObject\",\"inLanguage\":\"sv-SE\",\"@id\":\"https:\/\/www.duuri.fi\/sv\/2024\/02\/26\/23-26-april-2024-ar-det-ater-dags-for-nordbygg-kom-och-halsa-pa-oss-i-var-monter\/#primaryimage\",\"url\":\"https:\/\/www.duuri.fi\/wp-content\/uploads\/2024\/02\/Nordbygg_ajankohtainen_SE.jpg\",\"contentUrl\":\"https:\/\/www.duuri.fi\/wp-content\/uploads\/2024\/02\/Nordbygg_ajankohtainen_SE.jpg\",\"width\":1721,\"height\":1025},{\"@type\":\"BreadcrumbList\",\"@id\":\"https:\/\/www.duuri.fi\/sv\/2024\/02\/26\/23-26-april-2024-ar-det-ater-dags-for-nordbygg-kom-och-halsa-pa-oss-i-var-monter\/#breadcrumb\",\"itemListElement\":[{\"@type\":\"ListItem\",\"position\":1,\"name\":\"Home\",\"item\":\"https:\/\/www.duuri.fi\/sv\/\"},{\"@type\":\"ListItem\",\"position\":2,\"name\":\"23 \u2013 26 april 2024 \u00e4r det \u00e5ter dags f\u00f6r Nordbygg, kom och h\u00e4lsa p\u00e5 oss i v\u00e5r monter!\"}]},{\"@type\":\"WebSite\",\"@id\":\"https:\/\/www.duuri.fi\/sv\/#website\",\"url\":\"https:\/\/www.duuri.fi\/sv\/\",\"name\":\"Duuri Oy\",\"description\":\"Tuotteet ja asiantuntijapalvelut kodin sisustuksen ja julkisten tilojen viimeistelyyn\",\"publisher\":{\"@id\":\"https:\/\/www.duuri.fi\/sv\/#organization\"},\"potentialAction\":[{\"@type\":\"SearchAction\",\"target\":{\"@type\":\"EntryPoint\",\"urlTemplate\":\"https:\/\/www.duuri.fi\/sv\/?s={search_term_string}\"},\"query-input\":{\"@type\":\"PropertyValueSpecification\",\"valueRequired\":true,\"valueName\":\"search_term_string\"}}],\"inLanguage\":\"sv-SE\"},{\"@type\":\"Organization\",\"@id\":\"https:\/\/www.duuri.fi\/sv\/#organization\",\"name\":\"Duuri Oy\",\"url\":\"https:\/\/www.duuri.fi\/sv\/\",\"logo\":{\"@type\":\"ImageObject\",\"inLanguage\":\"sv-SE\",\"@id\":\"https:\/\/www.duuri.fi\/sv\/#\/schema\/logo\/image\/\",\"url\":\"https:\/\/www.duuri.fi\/wp-content\/uploads\/2020\/08\/Duuri_uusi-logo.png\",\"contentUrl\":\"https:\/\/www.duuri.fi\/wp-content\/uploads\/2020\/08\/Duuri_uusi-logo.png\",\"width\":242,\"height\":91,\"caption\":\"Duuri Oy\"},\"image\":{\"@id\":\"https:\/\/www.duuri.fi\/sv\/#\/schema\/logo\/image\/\"}},{\"@type\":\"Person\",\"@id\":\"https:\/\/www.duuri.fi\/sv\/#\/schema\/person\/6772b0fc10e4cc29a9304ce00e9a589f\",\"name\":\"Jani Viita\"}]}<\/script>\n<!-- \/ Yoast SEO plugin. -->","yoast_head_json":{"title":"23 \u2013 26 april 2024 \u00e4r det \u00e5ter dags f\u00f6r Nordbygg, kom och h\u00e4lsa p\u00e5 oss i v\u00e5r monter! - Duuri Oy","robots":{"index":"index","follow":"follow","max-snippet":"max-snippet:-1","max-image-preview":"max-image-preview:large","max-video-preview":"max-video-preview:-1"},"canonical":"https:\/\/www.duuri.fi\/sv\/2024\/02\/26\/23-26-april-2024-ar-det-ater-dags-for-nordbygg-kom-och-halsa-pa-oss-i-var-monter\/","og_locale":"sv_SE","og_type":"article","og_title":"23 \u2013 26 april 2024 \u00e4r det \u00e5ter dags f\u00f6r Nordbygg, kom och h\u00e4lsa p\u00e5 oss i v\u00e5r monter! - Duuri Oy","og_description":"Nordbygg har etablerat sig som norra Europas st\u00f6rsta och mest h\u00e4ndelserika m\u00f6tesplats och m\u00e4ssa f\u00f6r bygg- och fastighetsbranschen. M\u00e4ssan \u00e4ger rum vartannat \u00e5r p\u00e5\u00a0Stockholmsm\u00e4ssan\u00a0i \u00c4lvsj\u00f6 och samlar n\u00e4stan 1 000 utst\u00e4llande f\u00f6retag och n\u00e4rmare 50 000 bes\u00f6kare. H\u00e4r m\u00f6ts arkitekter, byggherrar, fastighetsf\u00f6rvaltare, installat\u00f6rer och projektledare fr\u00e5n Europas alla h\u00f6rn f\u00f6r att knyta kontakter, ta del...","og_url":"https:\/\/www.duuri.fi\/sv\/2024\/02\/26\/23-26-april-2024-ar-det-ater-dags-for-nordbygg-kom-och-halsa-pa-oss-i-var-monter\/","og_site_name":"Duuri Oy","article_published_time":"2024-02-26T10:23:25+00:00","article_modified_time":"2024-04-23T10:34:51+00:00","og_image":[{"width":1721,"height":1025,"url":"https:\/\/www.duuri.fi\/wp-content\/uploads\/2024\/02\/Nordbygg_ajankohtainen_SE.jpg","type":"image\/jpeg"}],"author":"Jani Viita","twitter_card":"summary_large_image","twitter_misc":{"Skriven av":"Jani Viita","Ber\u00e4knad l\u00e4stid":"2 minuter"},"schema":{"@context":"https:\/\/schema.org","@graph":[{"@type":"Article","@id":"https:\/\/www.duuri.fi\/sv\/2024\/02\/26\/23-26-april-2024-ar-det-ater-dags-for-nordbygg-kom-och-halsa-pa-oss-i-var-monter\/#article","isPartOf":{"@id":"https:\/\/www.duuri.fi\/sv\/2024\/02\/26\/23-26-april-2024-ar-det-ater-dags-for-nordbygg-kom-och-halsa-pa-oss-i-var-monter\/"},"author":{"name":"Jani Viita","@id":"https:\/\/www.duuri.fi\/sv\/#\/schema\/person\/6772b0fc10e4cc29a9304ce00e9a589f"},"headline":"23 \u2013 26 april 2024 \u00e4r det \u00e5ter dags f\u00f6r Nordbygg, kom och h\u00e4lsa p\u00e5 oss i v\u00e5r monter!","datePublished":"2024-02-26T10:23:25+00:00","dateModified":"2024-04-23T10:34:51+00:00","mainEntityOfPage":{"@id":"https:\/\/www.duuri.fi\/sv\/2024\/02\/26\/23-26-april-2024-ar-det-ater-dags-for-nordbygg-kom-och-halsa-pa-oss-i-var-monter\/"},"wordCount":334,"publisher":{"@id":"https:\/\/www.duuri.fi\/sv\/#organization"},"image":{"@id":"https:\/\/www.duuri.fi\/sv\/2024\/02\/26\/23-26-april-2024-ar-det-ater-dags-for-nordbygg-kom-och-halsa-pa-oss-i-var-monter\/#primaryimage"},"thumbnailUrl":"https:\/\/www.duuri.fi\/wp-content\/uploads\/2024\/02\/Nordbygg_ajankohtainen_SE.jpg","articleSection":["Nyheter"],"inLanguage":"sv-SE"},{"@type":"WebPage","@id":"https:\/\/www.duuri.fi\/sv\/2024\/02\/26\/23-26-april-2024-ar-det-ater-dags-for-nordbygg-kom-och-halsa-pa-oss-i-var-monter\/","url":"https:\/\/www.duuri.fi\/sv\/2024\/02\/26\/23-26-april-2024-ar-det-ater-dags-for-nordbygg-kom-och-halsa-pa-oss-i-var-monter\/","name":"23 \u2013 26 april 2024 \u00e4r det \u00e5ter dags f\u00f6r Nordbygg, kom och h\u00e4lsa p\u00e5 oss i v\u00e5r monter! - Duuri Oy","isPartOf":{"@id":"https:\/\/www.duuri.fi\/sv\/#website"},"primaryImageOfPage":{"@id":"https:\/\/www.duuri.fi\/sv\/2024\/02\/26\/23-26-april-2024-ar-det-ater-dags-for-nordbygg-kom-och-halsa-pa-oss-i-var-monter\/#primaryimage"},"image":{"@id":"https:\/\/www.duuri.fi\/sv\/2024\/02\/26\/23-26-april-2024-ar-det-ater-dags-for-nordbygg-kom-och-halsa-pa-oss-i-var-monter\/#primaryimage"},"thumbnailUrl":"https:\/\/www.duuri.fi\/wp-content\/uploads\/2024\/02\/Nordbygg_ajankohtainen_SE.jpg","datePublished":"2024-02-26T10:23:25+00:00","dateModified":"2024-04-23T10:34:51+00:00","breadcrumb":{"@id":"https:\/\/www.duuri.fi\/sv\/2024\/02\/26\/23-26-april-2024-ar-det-ater-dags-for-nordbygg-kom-och-halsa-pa-oss-i-var-monter\/#breadcrumb"},"inLanguage":"sv-SE","potentialAction":[{"@type":"ReadAction","target":["https:\/\/www.duuri.fi\/sv\/2024\/02\/26\/23-26-april-2024-ar-det-ater-dags-for-nordbygg-kom-och-halsa-pa-oss-i-var-monter\/"]}]},{"@type":"ImageObject","inLanguage":"sv-SE","@id":"https:\/\/www.duuri.fi\/sv\/2024\/02\/26\/23-26-april-2024-ar-det-ater-dags-for-nordbygg-kom-och-halsa-pa-oss-i-var-monter\/#primaryimage","url":"https:\/\/www.duuri.fi\/wp-content\/uploads\/2024\/02\/Nordbygg_ajankohtainen_SE.jpg","contentUrl":"https:\/\/www.duuri.fi\/wp-content\/uploads\/2024\/02\/Nordbygg_ajankohtainen_SE.jpg","width":1721,"height":1025},{"@type":"BreadcrumbList","@id":"https:\/\/www.duuri.fi\/sv\/2024\/02\/26\/23-26-april-2024-ar-det-ater-dags-for-nordbygg-kom-och-halsa-pa-oss-i-var-monter\/#breadcrumb","itemListElement":[{"@type":"ListItem","position":1,"name":"Home","item":"https:\/\/www.duuri.fi\/sv\/"},{"@type":"ListItem","position":2,"name":"23 \u2013 26 april 2024 \u00e4r det \u00e5ter dags f\u00f6r Nordbygg, kom och h\u00e4lsa p\u00e5 oss i v\u00e5r monter!"}]},{"@type":"WebSite","@id":"https:\/\/www.duuri.fi\/sv\/#website","url":"https:\/\/www.duuri.fi\/sv\/","name":"Duuri Oy","description":"Tuotteet ja asiantuntijapalvelut kodin sisustuksen ja julkisten tilojen viimeistelyyn","publisher":{"@id":"https:\/\/www.duuri.fi\/sv\/#organization"},"potentialAction":[{"@type":"SearchAction","target":{"@type":"EntryPoint","urlTemplate":"https:\/\/www.duuri.fi\/sv\/?s={search_term_string}"},"query-input":{"@type":"PropertyValueSpecification","valueRequired":true,"valueName":"search_term_string"}}],"inLanguage":"sv-SE"},{"@type":"Organization","@id":"https:\/\/www.duuri.fi\/sv\/#organization","name":"Duuri Oy","url":"https:\/\/www.duuri.fi\/sv\/","logo":{"@type":"ImageObject","inLanguage":"sv-SE","@id":"https:\/\/www.duuri.fi\/sv\/#\/schema\/logo\/image\/","url":"https:\/\/www.duuri.fi\/wp-content\/uploads\/2020\/08\/Duuri_uusi-logo.png","contentUrl":"https:\/\/www.duuri.fi\/wp-content\/uploads\/2020\/08\/Duuri_uusi-logo.png","width":242,"height":91,"caption":"Duuri Oy"},"image":{"@id":"https:\/\/www.duuri.fi\/sv\/#\/schema\/logo\/image\/"}},{"@type":"Person","@id":"https:\/\/www.duuri.fi\/sv\/#\/schema\/person\/6772b0fc10e4cc29a9304ce00e9a589f","name":"Jani Viita"}]}},"_links":{"self":[{"href":"https:\/\/www.duuri.fi\/sv\/wp-json\/wp\/v2\/posts\/56405","targetHints":{"allow":["GET"]}}],"collection":[{"href":"https:\/\/www.duuri.fi\/sv\/wp-json\/wp\/v2\/posts"}],"about":[{"href":"https:\/\/www.duuri.fi\/sv\/wp-json\/wp\/v2\/types\/post"}],"author":[{"embeddable":true,"href":"https:\/\/www.duuri.fi\/sv\/wp-json\/wp\/v2\/users\/12"}],"replies":[{"embeddable":true,"href":"https:\/\/www.duuri.fi\/sv\/wp-json\/wp\/v2\/comments?post=56405"}],"version-history":[{"count":3,"href":"https:\/\/www.duuri.fi\/sv\/wp-json\/wp\/v2\/posts\/56405\/revisions"}],"predecessor-version":[{"id":56424,"href":"https:\/\/www.duuri.fi\/sv\/wp-json\/wp\/v2\/posts\/56405\/revisions\/56424"}],"wp:featuredmedia":[{"embeddable":true,"href":"https:\/\/www.duuri.fi\/sv\/wp-json\/wp\/v2\/media\/56406"}],"wp:attachment":[{"href":"https:\/\/www.duuri.fi\/sv\/wp-json\/wp\/v2\/media?parent=56405"}],"wp:term":[{"taxonomy":"category","embeddable":true,"href":"https:\/\/www.duuri.fi\/sv\/wp-json\/wp\/v2\/categories?post=56405"},{"taxonomy":"post_tag","embeddable":true,"href":"https:\/\/www.duuri.fi\/sv\/wp-json\/wp\/v2\/tags?post=56405"}],"curies":[{"name":"wp","href":"https:\/\/api.w.org\/{rel}","templated":true}]}}