{"id":35120,"date":"2021-02-09T14:53:53","date_gmt":"2021-02-09T12:53:53","guid":{"rendered":"https:\/\/www.duuri.fi\/?p=35120"},"modified":"2021-02-09T14:53:53","modified_gmt":"2021-02-09T12:53:53","slug":"dione-sjalvhaftande-troskellister-b60-monteras-med-elasticfix-sjalvhaftande","status":"publish","type":"post","link":"https:\/\/www.duuri.fi\/sv\/2021\/02\/09\/dione-sjalvhaftande-troskellister-b60-monteras-med-elasticfix-sjalvhaftande\/","title":{"rendered":"Dione sj\u00e4lvh\u00e4ftande tr\u00f6skellister B60 monteras med Elasticfix sj\u00e4lvh\u00e4ftande"},"content":{"rendered":"<p>Det nya sortimentet av Dione sj\u00e4lvh\u00e4ftande tr\u00f6skellister B60, f\u00f6r enkel montering av l\u00e5ga och dekorativa tr\u00f6sklar i inomhus milj\u00f6er. Tr\u00f6skellisterna \u00e4r 60 mm breda och finns i l\u00e4ngderna 100 cm, 200 cm och 300 cm. Med tr\u00f6skellisterna skapar du en dekorativ och funktionell \u00f6verg\u00e5ng mellen tv\u00e5 golvmaterial. Ett brett sortiment med ett flertal f\u00e4rgval s\u00e5 som Cotton White (CW) Ljus Ek (LO), Ek laminerat (TA) och som NYHET, \u00e4kta ekfaner (ROA). Finns \u00e4ven i de moderna f\u00e4rgerna Matt Silver (HE) och Nordisk Grafit (NG) f\u00f6r det moderna hemmet. Enkla att montera med Elasticfix, sj\u00e4lvh\u00e4ftande.<\/p>\n","protected":false},"excerpt":{"rendered":"<p>Det nya sortimentet av Dione sj\u00e4lvh\u00e4ftande tr\u00f6skellister B60, f\u00f6r enkel montering av l\u00e5ga och dekorativa tr\u00f6sklar i inomhus milj\u00f6er. Tr\u00f6skellisterna \u00e4r 60 mm breda och finns i l\u00e4ngderna 100 cm, 200 cm och 300 cm. Med tr\u00f6skellisterna skapar du en dekorativ och funktionell \u00f6verg\u00e5ng mellen tv\u00e5 golvmaterial. Ett brett sortiment med ett flertal f\u00e4rgval s\u00e5&#8230;<\/p>\n","protected":false},"author":12,"featured_media":13444,"comment_status":"closed","ping_status":"closed","sticky":false,"template":"","format":"standard","meta":{"_acf_changed":false,"footnotes":""},"categories":[6733,6732],"tags":[],"class_list":["post-35120","post","type-post","status-publish","format-standard","has-post-thumbnail","hentry","category-inspiration","category-nyheter"],"acf":[],"yoast_head":"<!-- This site is optimized with the Yoast SEO plugin v25.5 - https:\/\/yoast.com\/wordpress\/plugins\/seo\/ -->\n<title>Dione sj\u00e4lvh\u00e4ftande tr\u00f6skellister B60 monteras med Elasticfix sj\u00e4lvh\u00e4ftande - Duuri Oy<\/title>\n<meta name=\"robots\" content=\"index, follow, max-snippet:-1, max-image-preview:large, max-video-preview:-1\" \/>\n<link rel=\"canonical\" href=\"https:\/\/www.duuri.fi\/sv\/2021\/02\/09\/dione-sjalvhaftande-troskellister-b60-monteras-med-elasticfix-sjalvhaftande\/\" \/>\n<meta property=\"og:locale\" content=\"sv_SE\" \/>\n<meta property=\"og:type\" content=\"article\" \/>\n<meta property=\"og:title\" content=\"Dione sj\u00e4lvh\u00e4ftande tr\u00f6skellister B60 monteras med Elasticfix sj\u00e4lvh\u00e4ftande - Duuri Oy\" \/>\n<meta property=\"og:description\" content=\"Det nya sortimentet av Dione sj\u00e4lvh\u00e4ftande tr\u00f6skellister B60, f\u00f6r enkel montering av l\u00e5ga och dekorativa tr\u00f6sklar i inomhus milj\u00f6er. Tr\u00f6skellisterna \u00e4r 60 mm breda och finns i l\u00e4ngderna 100 cm, 200 cm och 300 cm. Med tr\u00f6skellisterna skapar du en dekorativ och funktionell \u00f6verg\u00e5ng mellen tv\u00e5 golvmaterial. Ett brett sortiment med ett flertal f\u00e4rgval s\u00e5...\" \/>\n<meta property=\"og:url\" content=\"https:\/\/www.duuri.fi\/sv\/2021\/02\/09\/dione-sjalvhaftande-troskellister-b60-monteras-med-elasticfix-sjalvhaftande\/\" \/>\n<meta property=\"og:site_name\" content=\"Duuri Oy\" \/>\n<meta property=\"article:published_time\" content=\"2021-02-09T12:53:53+00:00\" \/>\n<meta property=\"og:image\" content=\"https:\/\/www.duuri.fi\/wp-content\/uploads\/2020\/08\/YHDISTETTY_B60-LO1_ROA1_CW1_NG_HE-scaled.jpg\" \/>\n\t<meta property=\"og:image:width\" content=\"2560\" \/>\n\t<meta property=\"og:image:height\" content=\"2560\" \/>\n\t<meta property=\"og:image:type\" content=\"image\/jpeg\" \/>\n<meta name=\"author\" content=\"Jani Viita\" \/>\n<meta name=\"twitter:card\" content=\"summary_large_image\" \/>\n<meta name=\"twitter:label1\" content=\"Skriven av\" \/>\n\t<meta name=\"twitter:data1\" content=\"Jani Viita\" \/>\n\t<meta name=\"twitter:label2\" content=\"Ber\u00e4knad l\u00e4stid\" \/>\n\t<meta name=\"twitter:data2\" content=\"1 minut\" \/>\n<script type=\"application\/ld+json\" class=\"yoast-schema-graph\">{\"@context\":\"https:\/\/schema.org\",\"@graph\":[{\"@type\":\"Article\",\"@id\":\"https:\/\/www.duuri.fi\/sv\/2021\/02\/09\/dione-sjalvhaftande-troskellister-b60-monteras-med-elasticfix-sjalvhaftande\/#article\",\"isPartOf\":{\"@id\":\"https:\/\/www.duuri.fi\/sv\/2021\/02\/09\/dione-sjalvhaftande-troskellister-b60-monteras-med-elasticfix-sjalvhaftande\/\"},\"author\":{\"name\":\"Jani Viita\",\"@id\":\"https:\/\/www.duuri.fi\/sv\/#\/schema\/person\/6772b0fc10e4cc29a9304ce00e9a589f\"},\"headline\":\"Dione sj\u00e4lvh\u00e4ftande tr\u00f6skellister B60 monteras med Elasticfix sj\u00e4lvh\u00e4ftande\",\"datePublished\":\"2021-02-09T12:53:53+00:00\",\"mainEntityOfPage\":{\"@id\":\"https:\/\/www.duuri.fi\/sv\/2021\/02\/09\/dione-sjalvhaftande-troskellister-b60-monteras-med-elasticfix-sjalvhaftande\/\"},\"wordCount\":119,\"publisher\":{\"@id\":\"https:\/\/www.duuri.fi\/sv\/#organization\"},\"image\":{\"@id\":\"https:\/\/www.duuri.fi\/sv\/2021\/02\/09\/dione-sjalvhaftande-troskellister-b60-monteras-med-elasticfix-sjalvhaftande\/#primaryimage\"},\"thumbnailUrl\":\"https:\/\/www.duuri.fi\/wp-content\/uploads\/2020\/08\/YHDISTETTY_B60-LO1_ROA1_CW1_NG_HE-scaled.jpg\",\"articleSection\":[\"Inspiration\",\"Nyheter\"],\"inLanguage\":\"sv-SE\"},{\"@type\":\"WebPage\",\"@id\":\"https:\/\/www.duuri.fi\/sv\/2021\/02\/09\/dione-sjalvhaftande-troskellister-b60-monteras-med-elasticfix-sjalvhaftande\/\",\"url\":\"https:\/\/www.duuri.fi\/sv\/2021\/02\/09\/dione-sjalvhaftande-troskellister-b60-monteras-med-elasticfix-sjalvhaftande\/\",\"name\":\"Dione sj\u00e4lvh\u00e4ftande tr\u00f6skellister B60 monteras med Elasticfix sj\u00e4lvh\u00e4ftande - Duuri Oy\",\"isPartOf\":{\"@id\":\"https:\/\/www.duuri.fi\/sv\/#website\"},\"primaryImageOfPage\":{\"@id\":\"https:\/\/www.duuri.fi\/sv\/2021\/02\/09\/dione-sjalvhaftande-troskellister-b60-monteras-med-elasticfix-sjalvhaftande\/#primaryimage\"},\"image\":{\"@id\":\"https:\/\/www.duuri.fi\/sv\/2021\/02\/09\/dione-sjalvhaftande-troskellister-b60-monteras-med-elasticfix-sjalvhaftande\/#primaryimage\"},\"thumbnailUrl\":\"https:\/\/www.duuri.fi\/wp-content\/uploads\/2020\/08\/YHDISTETTY_B60-LO1_ROA1_CW1_NG_HE-scaled.jpg\",\"datePublished\":\"2021-02-09T12:53:53+00:00\",\"breadcrumb\":{\"@id\":\"https:\/\/www.duuri.fi\/sv\/2021\/02\/09\/dione-sjalvhaftande-troskellister-b60-monteras-med-elasticfix-sjalvhaftande\/#breadcrumb\"},\"inLanguage\":\"sv-SE\",\"potentialAction\":[{\"@type\":\"ReadAction\",\"target\":[\"https:\/\/www.duuri.fi\/sv\/2021\/02\/09\/dione-sjalvhaftande-troskellister-b60-monteras-med-elasticfix-sjalvhaftande\/\"]}]},{\"@type\":\"ImageObject\",\"inLanguage\":\"sv-SE\",\"@id\":\"https:\/\/www.duuri.fi\/sv\/2021\/02\/09\/dione-sjalvhaftande-troskellister-b60-monteras-med-elasticfix-sjalvhaftande\/#primaryimage\",\"url\":\"https:\/\/www.duuri.fi\/wp-content\/uploads\/2020\/08\/YHDISTETTY_B60-LO1_ROA1_CW1_NG_HE-scaled.jpg\",\"contentUrl\":\"https:\/\/www.duuri.fi\/wp-content\/uploads\/2020\/08\/YHDISTETTY_B60-LO1_ROA1_CW1_NG_HE-scaled.jpg\",\"width\":2560,\"height\":2560,\"caption\":\"B60\"},{\"@type\":\"BreadcrumbList\",\"@id\":\"https:\/\/www.duuri.fi\/sv\/2021\/02\/09\/dione-sjalvhaftande-troskellister-b60-monteras-med-elasticfix-sjalvhaftande\/#breadcrumb\",\"itemListElement\":[{\"@type\":\"ListItem\",\"position\":1,\"name\":\"Home\",\"item\":\"https:\/\/www.duuri.fi\/sv\/\"},{\"@type\":\"ListItem\",\"position\":2,\"name\":\"Dione sj\u00e4lvh\u00e4ftande tr\u00f6skellister B60 monteras med Elasticfix sj\u00e4lvh\u00e4ftande\"}]},{\"@type\":\"WebSite\",\"@id\":\"https:\/\/www.duuri.fi\/sv\/#website\",\"url\":\"https:\/\/www.duuri.fi\/sv\/\",\"name\":\"Duuri Oy\",\"description\":\"Tuotteet ja asiantuntijapalvelut kodin sisustuksen ja julkisten tilojen viimeistelyyn\",\"publisher\":{\"@id\":\"https:\/\/www.duuri.fi\/sv\/#organization\"},\"potentialAction\":[{\"@type\":\"SearchAction\",\"target\":{\"@type\":\"EntryPoint\",\"urlTemplate\":\"https:\/\/www.duuri.fi\/sv\/?s={search_term_string}\"},\"query-input\":{\"@type\":\"PropertyValueSpecification\",\"valueRequired\":true,\"valueName\":\"search_term_string\"}}],\"inLanguage\":\"sv-SE\"},{\"@type\":\"Organization\",\"@id\":\"https:\/\/www.duuri.fi\/sv\/#organization\",\"name\":\"Duuri Oy\",\"url\":\"https:\/\/www.duuri.fi\/sv\/\",\"logo\":{\"@type\":\"ImageObject\",\"inLanguage\":\"sv-SE\",\"@id\":\"https:\/\/www.duuri.fi\/sv\/#\/schema\/logo\/image\/\",\"url\":\"https:\/\/www.duuri.fi\/wp-content\/uploads\/2020\/08\/Duuri_uusi-logo.png\",\"contentUrl\":\"https:\/\/www.duuri.fi\/wp-content\/uploads\/2020\/08\/Duuri_uusi-logo.png\",\"width\":242,\"height\":91,\"caption\":\"Duuri Oy\"},\"image\":{\"@id\":\"https:\/\/www.duuri.fi\/sv\/#\/schema\/logo\/image\/\"}},{\"@type\":\"Person\",\"@id\":\"https:\/\/www.duuri.fi\/sv\/#\/schema\/person\/6772b0fc10e4cc29a9304ce00e9a589f\",\"name\":\"Jani Viita\"}]}<\/script>\n<!-- \/ Yoast SEO plugin. -->","yoast_head_json":{"title":"Dione sj\u00e4lvh\u00e4ftande tr\u00f6skellister B60 monteras med Elasticfix sj\u00e4lvh\u00e4ftande - Duuri Oy","robots":{"index":"index","follow":"follow","max-snippet":"max-snippet:-1","max-image-preview":"max-image-preview:large","max-video-preview":"max-video-preview:-1"},"canonical":"https:\/\/www.duuri.fi\/sv\/2021\/02\/09\/dione-sjalvhaftande-troskellister-b60-monteras-med-elasticfix-sjalvhaftande\/","og_locale":"sv_SE","og_type":"article","og_title":"Dione sj\u00e4lvh\u00e4ftande tr\u00f6skellister B60 monteras med Elasticfix sj\u00e4lvh\u00e4ftande - Duuri Oy","og_description":"Det nya sortimentet av Dione sj\u00e4lvh\u00e4ftande tr\u00f6skellister B60, f\u00f6r enkel montering av l\u00e5ga och dekorativa tr\u00f6sklar i inomhus milj\u00f6er. Tr\u00f6skellisterna \u00e4r 60 mm breda och finns i l\u00e4ngderna 100 cm, 200 cm och 300 cm. Med tr\u00f6skellisterna skapar du en dekorativ och funktionell \u00f6verg\u00e5ng mellen tv\u00e5 golvmaterial. Ett brett sortiment med ett flertal f\u00e4rgval s\u00e5...","og_url":"https:\/\/www.duuri.fi\/sv\/2021\/02\/09\/dione-sjalvhaftande-troskellister-b60-monteras-med-elasticfix-sjalvhaftande\/","og_site_name":"Duuri Oy","article_published_time":"2021-02-09T12:53:53+00:00","og_image":[{"width":2560,"height":2560,"url":"https:\/\/www.duuri.fi\/wp-content\/uploads\/2020\/08\/YHDISTETTY_B60-LO1_ROA1_CW1_NG_HE-scaled.jpg","type":"image\/jpeg"}],"author":"Jani Viita","twitter_card":"summary_large_image","twitter_misc":{"Skriven av":"Jani Viita","Ber\u00e4knad l\u00e4stid":"1 minut"},"schema":{"@context":"https:\/\/schema.org","@graph":[{"@type":"Article","@id":"https:\/\/www.duuri.fi\/sv\/2021\/02\/09\/dione-sjalvhaftande-troskellister-b60-monteras-med-elasticfix-sjalvhaftande\/#article","isPartOf":{"@id":"https:\/\/www.duuri.fi\/sv\/2021\/02\/09\/dione-sjalvhaftande-troskellister-b60-monteras-med-elasticfix-sjalvhaftande\/"},"author":{"name":"Jani Viita","@id":"https:\/\/www.duuri.fi\/sv\/#\/schema\/person\/6772b0fc10e4cc29a9304ce00e9a589f"},"headline":"Dione sj\u00e4lvh\u00e4ftande tr\u00f6skellister B60 monteras med Elasticfix sj\u00e4lvh\u00e4ftande","datePublished":"2021-02-09T12:53:53+00:00","mainEntityOfPage":{"@id":"https:\/\/www.duuri.fi\/sv\/2021\/02\/09\/dione-sjalvhaftande-troskellister-b60-monteras-med-elasticfix-sjalvhaftande\/"},"wordCount":119,"publisher":{"@id":"https:\/\/www.duuri.fi\/sv\/#organization"},"image":{"@id":"https:\/\/www.duuri.fi\/sv\/2021\/02\/09\/dione-sjalvhaftande-troskellister-b60-monteras-med-elasticfix-sjalvhaftande\/#primaryimage"},"thumbnailUrl":"https:\/\/www.duuri.fi\/wp-content\/uploads\/2020\/08\/YHDISTETTY_B60-LO1_ROA1_CW1_NG_HE-scaled.jpg","articleSection":["Inspiration","Nyheter"],"inLanguage":"sv-SE"},{"@type":"WebPage","@id":"https:\/\/www.duuri.fi\/sv\/2021\/02\/09\/dione-sjalvhaftande-troskellister-b60-monteras-med-elasticfix-sjalvhaftande\/","url":"https:\/\/www.duuri.fi\/sv\/2021\/02\/09\/dione-sjalvhaftande-troskellister-b60-monteras-med-elasticfix-sjalvhaftande\/","name":"Dione sj\u00e4lvh\u00e4ftande tr\u00f6skellister B60 monteras med Elasticfix sj\u00e4lvh\u00e4ftande - Duuri Oy","isPartOf":{"@id":"https:\/\/www.duuri.fi\/sv\/#website"},"primaryImageOfPage":{"@id":"https:\/\/www.duuri.fi\/sv\/2021\/02\/09\/dione-sjalvhaftande-troskellister-b60-monteras-med-elasticfix-sjalvhaftande\/#primaryimage"},"image":{"@id":"https:\/\/www.duuri.fi\/sv\/2021\/02\/09\/dione-sjalvhaftande-troskellister-b60-monteras-med-elasticfix-sjalvhaftande\/#primaryimage"},"thumbnailUrl":"https:\/\/www.duuri.fi\/wp-content\/uploads\/2020\/08\/YHDISTETTY_B60-LO1_ROA1_CW1_NG_HE-scaled.jpg","datePublished":"2021-02-09T12:53:53+00:00","breadcrumb":{"@id":"https:\/\/www.duuri.fi\/sv\/2021\/02\/09\/dione-sjalvhaftande-troskellister-b60-monteras-med-elasticfix-sjalvhaftande\/#breadcrumb"},"inLanguage":"sv-SE","potentialAction":[{"@type":"ReadAction","target":["https:\/\/www.duuri.fi\/sv\/2021\/02\/09\/dione-sjalvhaftande-troskellister-b60-monteras-med-elasticfix-sjalvhaftande\/"]}]},{"@type":"ImageObject","inLanguage":"sv-SE","@id":"https:\/\/www.duuri.fi\/sv\/2021\/02\/09\/dione-sjalvhaftande-troskellister-b60-monteras-med-elasticfix-sjalvhaftande\/#primaryimage","url":"https:\/\/www.duuri.fi\/wp-content\/uploads\/2020\/08\/YHDISTETTY_B60-LO1_ROA1_CW1_NG_HE-scaled.jpg","contentUrl":"https:\/\/www.duuri.fi\/wp-content\/uploads\/2020\/08\/YHDISTETTY_B60-LO1_ROA1_CW1_NG_HE-scaled.jpg","width":2560,"height":2560,"caption":"B60"},{"@type":"BreadcrumbList","@id":"https:\/\/www.duuri.fi\/sv\/2021\/02\/09\/dione-sjalvhaftande-troskellister-b60-monteras-med-elasticfix-sjalvhaftande\/#breadcrumb","itemListElement":[{"@type":"ListItem","position":1,"name":"Home","item":"https:\/\/www.duuri.fi\/sv\/"},{"@type":"ListItem","position":2,"name":"Dione sj\u00e4lvh\u00e4ftande tr\u00f6skellister B60 monteras med Elasticfix sj\u00e4lvh\u00e4ftande"}]},{"@type":"WebSite","@id":"https:\/\/www.duuri.fi\/sv\/#website","url":"https:\/\/www.duuri.fi\/sv\/","name":"Duuri Oy","description":"Tuotteet ja asiantuntijapalvelut kodin sisustuksen ja julkisten tilojen viimeistelyyn","publisher":{"@id":"https:\/\/www.duuri.fi\/sv\/#organization"},"potentialAction":[{"@type":"SearchAction","target":{"@type":"EntryPoint","urlTemplate":"https:\/\/www.duuri.fi\/sv\/?s={search_term_string}"},"query-input":{"@type":"PropertyValueSpecification","valueRequired":true,"valueName":"search_term_string"}}],"inLanguage":"sv-SE"},{"@type":"Organization","@id":"https:\/\/www.duuri.fi\/sv\/#organization","name":"Duuri Oy","url":"https:\/\/www.duuri.fi\/sv\/","logo":{"@type":"ImageObject","inLanguage":"sv-SE","@id":"https:\/\/www.duuri.fi\/sv\/#\/schema\/logo\/image\/","url":"https:\/\/www.duuri.fi\/wp-content\/uploads\/2020\/08\/Duuri_uusi-logo.png","contentUrl":"https:\/\/www.duuri.fi\/wp-content\/uploads\/2020\/08\/Duuri_uusi-logo.png","width":242,"height":91,"caption":"Duuri Oy"},"image":{"@id":"https:\/\/www.duuri.fi\/sv\/#\/schema\/logo\/image\/"}},{"@type":"Person","@id":"https:\/\/www.duuri.fi\/sv\/#\/schema\/person\/6772b0fc10e4cc29a9304ce00e9a589f","name":"Jani Viita"}]}},"_links":{"self":[{"href":"https:\/\/www.duuri.fi\/sv\/wp-json\/wp\/v2\/posts\/35120","targetHints":{"allow":["GET"]}}],"collection":[{"href":"https:\/\/www.duuri.fi\/sv\/wp-json\/wp\/v2\/posts"}],"about":[{"href":"https:\/\/www.duuri.fi\/sv\/wp-json\/wp\/v2\/types\/post"}],"author":[{"embeddable":true,"href":"https:\/\/www.duuri.fi\/sv\/wp-json\/wp\/v2\/users\/12"}],"replies":[{"embeddable":true,"href":"https:\/\/www.duuri.fi\/sv\/wp-json\/wp\/v2\/comments?post=35120"}],"version-history":[{"count":1,"href":"https:\/\/www.duuri.fi\/sv\/wp-json\/wp\/v2\/posts\/35120\/revisions"}],"predecessor-version":[{"id":35121,"href":"https:\/\/www.duuri.fi\/sv\/wp-json\/wp\/v2\/posts\/35120\/revisions\/35121"}],"wp:featuredmedia":[{"embeddable":true,"href":"https:\/\/www.duuri.fi\/sv\/wp-json\/wp\/v2\/media\/13444"}],"wp:attachment":[{"href":"https:\/\/www.duuri.fi\/sv\/wp-json\/wp\/v2\/media?parent=35120"}],"wp:term":[{"taxonomy":"category","embeddable":true,"href":"https:\/\/www.duuri.fi\/sv\/wp-json\/wp\/v2\/categories?post=35120"},{"taxonomy":"post_tag","embeddable":true,"href":"https:\/\/www.duuri.fi\/sv\/wp-json\/wp\/v2\/tags?post=35120"}],"curies":[{"name":"wp","href":"https:\/\/api.w.org\/{rel}","templated":true}]}}